{"id":142,"date":"2012-08-30T20:11:18","date_gmt":"2012-08-30T18:11:18","guid":{"rendered":"http:\/\/www.martin-schiller.net\/?p=142"},"modified":"2012-08-30T22:16:36","modified_gmt":"2012-08-30T20:16:36","slug":"verabschiedung-von-eugen-wenig","status":"publish","type":"post","link":"http:\/\/www.posaunenchor-ulm-soeflingen.de\/?p=142","title":{"rendered":"Verabschiedung von Eugen Wenig"},"content":{"rendered":"<p>Im \u00f6kumenischen Gottesdienst am 1. Juli 2012 wurde unser Eugen Wenig als Chorleiter unseres Posaunenchors verabschiedet. Gesundheitliche Probleme haben ihn zur Aufgabe der Chorleitung gezwungen. Eugen hat \u00fcber 50 Jahre im S\u00f6flinger Posaunenchor geblasen, zun\u00e4chst auf der Trompete, dann entdeckte er seine Liebe zur Zugposaune. Die letzten Jahre hat er selber den Posaunenchor geleitet und in der Jungbl\u00e4serschulung mitgeholfen.<\/p>\n<p><a href=\"http:\/\/www.posaunenchor-ulm-soeflingen.de\/?attachment_id=144\" rel=\"attachment wp-att-144\"><img loading=\"lazy\" decoding=\"async\" width=\"600\" height=\"450\" class=\"alignnone  wp-image-144\" title=\"eugen_wenig\" src=\"http:\/\/www.posaunenchor-ulm-soeflingen.de\/wp-content\/uploads\/eugen_wenig.jpg\" alt=\"\" srcset=\"http:\/\/www.posaunenchor-ulm-soeflingen.de\/wp-content\/uploads\/eugen_wenig.jpg 600w, http:\/\/www.posaunenchor-ulm-soeflingen.de\/wp-content\/uploads\/eugen_wenig-300x225.jpg 300w\" sizes=\"auto, (max-width: 600px) 100vw, 600px\" \/><\/a><\/p>\n<p>Unter der Leitung von Eugen lie\u00dfen wir Bl\u00e4serinnen und Bl\u00e4ser das Gotteslob in den Gottesdiensten, in den Feierstunden auf dem Friedhof, beim weihnachtlichen Kurrendeblasen, bei Gemeindefesten und vielen anderen Anl\u00e4ssen erklingen. Zu diesen Diensten und allen Proben ist Eugen jedes Mal von seinem Wohnort Altheim\/Alb die weite Strecke nach Ulm gefahren.<\/p>\n<p>Wir danken Dir, Eugen, von Herzen f\u00fcr Dein gro\u00dfes Engagement f\u00fcr unseren Posaunenchor! Alles Gute f\u00fcr Dich und ein Ehrenplatz in unserer Mitte ist Dir sicher, Eugen!<\/p>\n","protected":false},"excerpt":{"rendered":"<p>Im \u00f6kumenischen Gottesdienst am 1. Juli 2012 wurde unser Eugen Wenig als Chorleiter unseres Posaunenchors verabschiedet. Gesundheitliche Probleme haben ihn zur Aufgabe der Chorleitung gezwungen. Eugen hat \u00fcber 50 Jahre im S\u00f6flinger Posaunenchor geblasen, zun\u00e4chst auf der Trompete, dann entdeckte er seine Liebe zur Zugposaune. Die letzten Jahre hat er selber den Posaunenchor geleitet und &hellip; <a href=\"http:\/\/www.posaunenchor-ulm-soeflingen.de\/?p=142\" class=\"more-link\"><span class=\"screen-reader-text\">Verabschiedung von Eugen Wenig<\/span> weiterlesen <span class=\"meta-nav\">&rarr;<\/span><\/a><\/p>\n","protected":false},"author":2,"featured_media":0,"comment_status":"open","ping_status":"open","sticky":false,"template":"","format":"standard","meta":{"footnotes":""},"categories":[1],"tags":[],"class_list":["post-142","post","type-post","status-publish","format-standard","hentry","category-allgemein"],"_links":{"self":[{"href":"http:\/\/www.posaunenchor-ulm-soeflingen.de\/index.php?rest_route=\/wp\/v2\/posts\/142","targetHints":{"allow":["GET"]}}],"collection":[{"href":"http:\/\/www.posaunenchor-ulm-soeflingen.de\/index.php?rest_route=\/wp\/v2\/posts"}],"about":[{"href":"http:\/\/www.posaunenchor-ulm-soeflingen.de\/index.php?rest_route=\/wp\/v2\/types\/post"}],"author":[{"embeddable":true,"href":"http:\/\/www.posaunenchor-ulm-soeflingen.de\/index.php?rest_route=\/wp\/v2\/users\/2"}],"replies":[{"embeddable":true,"href":"http:\/\/www.posaunenchor-ulm-soeflingen.de\/index.php?rest_route=%2Fwp%2Fv2%2Fcomments&post=142"}],"version-history":[{"count":7,"href":"http:\/\/www.posaunenchor-ulm-soeflingen.de\/index.php?rest_route=\/wp\/v2\/posts\/142\/revisions"}],"predecessor-version":[{"id":149,"href":"http:\/\/www.posaunenchor-ulm-soeflingen.de\/index.php?rest_route=\/wp\/v2\/posts\/142\/revisions\/149"}],"wp:attachment":[{"href":"http:\/\/www.posaunenchor-ulm-soeflingen.de\/index.php?rest_route=%2Fwp%2Fv2%2Fmedia&parent=142"}],"wp:term":[{"taxonomy":"category","embeddable":true,"href":"http:\/\/www.posaunenchor-ulm-soeflingen.de\/index.php?rest_route=%2Fwp%2Fv2%2Fcategories&post=142"},{"taxonomy":"post_tag","embeddable":true,"href":"http:\/\/www.posaunenchor-ulm-soeflingen.de\/index.php?rest_route=%2Fwp%2Fv2%2Ftags&post=142"}],"curies":[{"name":"wp","href":"https:\/\/api.w.org\/{rel}","templated":true}]}}