{"id":212,"date":"2012-12-10T23:12:16","date_gmt":"2012-12-10T22:12:16","guid":{"rendered":"http:\/\/www.posaunenchor-ulm-soeflingen.de\/?p=212"},"modified":"2012-12-10T23:12:16","modified_gmt":"2012-12-10T22:12:16","slug":"der-grundstein-ist-gelegt","status":"publish","type":"post","link":"http:\/\/www.posaunenchor-ulm-soeflingen.de\/?p=212","title":{"rendered":"Der Grundstein ist gelegt!"},"content":{"rendered":"<p>Am Sonntag, 9. Dezember 2012 haben wir den feierlichen Festakt der Grundsteinlegung f\u00fcr das neue Gemeindehaus der Christuskirchengemeinde musikalisch begleitet. Hierzu ging&#8217;s hoch hinaus auf den Kirchturm der Christuskirche, noch ein St\u00fcckchen h\u00f6her als der Glockenstuhl.<\/p>\n<figure id=\"attachment_214\" aria-describedby=\"caption-attachment-214\" style=\"width: 600px\" class=\"wp-caption alignleft\"><a href=\"http:\/\/www.posaunenchor-ulm-soeflingen.de\/?attachment_id=214\" rel=\"attachment wp-att-214\"><img loading=\"lazy\" decoding=\"async\" class=\"size-full wp-image-214\" src=\"http:\/\/www.posaunenchor-ulm-soeflingen.de\/wp-content\/uploads\/2012_Grundsteinlegung_3.jpg\" alt=\"\" width=\"600\" height=\"338\" srcset=\"http:\/\/www.posaunenchor-ulm-soeflingen.de\/wp-content\/uploads\/2012_Grundsteinlegung_3.jpg 600w, http:\/\/www.posaunenchor-ulm-soeflingen.de\/wp-content\/uploads\/2012_Grundsteinlegung_3-300x169.jpg 300w\" sizes=\"auto, (max-width: 600px) 100vw, 600px\" \/><\/a><figcaption id=\"caption-attachment-214\" class=\"wp-caption-text\">Oben auf dem Kirchturm, da war&#8217;s ganz sch\u00f6n frisch. Ob Volker die Jacke passend zur Uhr gew\u00e4hlt hat? \ud83d\ude42<\/figcaption><\/figure>\n<p>Tapfer hielten wir den frostigen Temperaturen stand (besser als das ein oder andere unserer Blechinstrumente, in denen ein paar T\u00f6ne erfroren) und lie\u00dfen &#8222;Macht hoch die T\u00fcr&#8220; und &#8222;Lobe den Herren&#8220; erklingen.<\/p>\n<figure id=\"attachment_215\" aria-describedby=\"caption-attachment-215\" style=\"width: 600px\" class=\"wp-caption alignleft\"><a href=\"http:\/\/www.posaunenchor-ulm-soeflingen.de\/?attachment_id=215\" rel=\"attachment wp-att-215\"><img loading=\"lazy\" decoding=\"async\" class=\"size-full wp-image-215\" src=\"http:\/\/www.posaunenchor-ulm-soeflingen.de\/wp-content\/uploads\/2012_Grundsteinlegung_2.jpg\" alt=\"\" width=\"600\" height=\"338\" srcset=\"http:\/\/www.posaunenchor-ulm-soeflingen.de\/wp-content\/uploads\/2012_Grundsteinlegung_2.jpg 600w, http:\/\/www.posaunenchor-ulm-soeflingen.de\/wp-content\/uploads\/2012_Grundsteinlegung_2-300x169.jpg 300w\" sizes=\"auto, (max-width: 600px) 100vw, 600px\" \/><\/a><figcaption id=\"caption-attachment-215\" class=\"wp-caption-text\">Die tiefen Instrumente sorgten von Innen heraus f\u00fcr ein gutes Fundament&#8230;<\/figcaption><\/figure>\n<figure id=\"attachment_216\" aria-describedby=\"caption-attachment-216\" style=\"width: 600px\" class=\"wp-caption alignleft\"><a href=\"http:\/\/www.posaunenchor-ulm-soeflingen.de\/?attachment_id=216\" rel=\"attachment wp-att-216\"><img loading=\"lazy\" decoding=\"async\" class=\"size-full wp-image-216\" src=\"http:\/\/www.posaunenchor-ulm-soeflingen.de\/wp-content\/uploads\/2012_Grundsteinlegung_1.jpg\" alt=\"\" width=\"600\" height=\"338\" srcset=\"http:\/\/www.posaunenchor-ulm-soeflingen.de\/wp-content\/uploads\/2012_Grundsteinlegung_1.jpg 600w, http:\/\/www.posaunenchor-ulm-soeflingen.de\/wp-content\/uploads\/2012_Grundsteinlegung_1-300x169.jpg 300w\" sizes=\"auto, (max-width: 600px) 100vw, 600px\" \/><\/a><figcaption id=\"caption-attachment-216\" class=\"wp-caption-text\">&#8230; w\u00e4hrend sich das hohe Blech auf dem Balkon versammelte und dem eisigen Wind tapfer Paroli bot.<\/figcaption><\/figure>\n<p>Danach gab es festliche Ansprachen und dann durften einige Gemeindeglieder und am Bau des Gemeindehauses ma\u00dfgeblich beteiligte Leute mit ihrer Schaufel voll Zement dem Vorhaben einen weiteren guten Verlauf mit auf den Weg geben. Wir sind uns alle einig: Das war eine richtig gute Aktion!<\/p>\n","protected":false},"excerpt":{"rendered":"<p>Am Sonntag, 9. Dezember 2012 haben wir den feierlichen Festakt der Grundsteinlegung f\u00fcr das neue Gemeindehaus der Christuskirchengemeinde musikalisch begleitet. Hierzu ging&#8217;s hoch hinaus auf den Kirchturm der Christuskirche, noch ein St\u00fcckchen h\u00f6her als der Glockenstuhl. Tapfer hielten wir den frostigen Temperaturen stand (besser als das ein oder andere unserer Blechinstrumente, in denen ein paar &hellip; <a href=\"http:\/\/www.posaunenchor-ulm-soeflingen.de\/?p=212\" class=\"more-link\"><span class=\"screen-reader-text\">Der Grundstein ist gelegt!<\/span> weiterlesen <span class=\"meta-nav\">&rarr;<\/span><\/a><\/p>\n","protected":false},"author":2,"featured_media":0,"comment_status":"open","ping_status":"open","sticky":false,"template":"","format":"standard","meta":{"footnotes":""},"categories":[1],"tags":[],"class_list":["post-212","post","type-post","status-publish","format-standard","hentry","category-allgemein"],"_links":{"self":[{"href":"http:\/\/www.posaunenchor-ulm-soeflingen.de\/index.php?rest_route=\/wp\/v2\/posts\/212","targetHints":{"allow":["GET"]}}],"collection":[{"href":"http:\/\/www.posaunenchor-ulm-soeflingen.de\/index.php?rest_route=\/wp\/v2\/posts"}],"about":[{"href":"http:\/\/www.posaunenchor-ulm-soeflingen.de\/index.php?rest_route=\/wp\/v2\/types\/post"}],"author":[{"embeddable":true,"href":"http:\/\/www.posaunenchor-ulm-soeflingen.de\/index.php?rest_route=\/wp\/v2\/users\/2"}],"replies":[{"embeddable":true,"href":"http:\/\/www.posaunenchor-ulm-soeflingen.de\/index.php?rest_route=%2Fwp%2Fv2%2Fcomments&post=212"}],"version-history":[{"count":8,"href":"http:\/\/www.posaunenchor-ulm-soeflingen.de\/index.php?rest_route=\/wp\/v2\/posts\/212\/revisions"}],"predecessor-version":[{"id":223,"href":"http:\/\/www.posaunenchor-ulm-soeflingen.de\/index.php?rest_route=\/wp\/v2\/posts\/212\/revisions\/223"}],"wp:attachment":[{"href":"http:\/\/www.posaunenchor-ulm-soeflingen.de\/index.php?rest_route=%2Fwp%2Fv2%2Fmedia&parent=212"}],"wp:term":[{"taxonomy":"category","embeddable":true,"href":"http:\/\/www.posaunenchor-ulm-soeflingen.de\/index.php?rest_route=%2Fwp%2Fv2%2Fcategories&post=212"},{"taxonomy":"post_tag","embeddable":true,"href":"http:\/\/www.posaunenchor-ulm-soeflingen.de\/index.php?rest_route=%2Fwp%2Fv2%2Ftags&post=212"}],"curies":[{"name":"wp","href":"https:\/\/api.w.org\/{rel}","templated":true}]}}