{"id":233,"date":"2012-12-14T22:38:29","date_gmt":"2012-12-14T21:38:29","guid":{"rendered":"http:\/\/www.posaunenchor-ulm-soeflingen.de\/?p=233"},"modified":"2012-12-14T22:38:29","modified_gmt":"2012-12-14T21:38:29","slug":"weihnachtsstandchen-fur-unsere-senioren","status":"publish","type":"post","link":"http:\/\/www.posaunenchor-ulm-soeflingen.de\/?p=233","title":{"rendered":"Weihnachtsst\u00e4ndchen f\u00fcr unsere Senioren"},"content":{"rendered":"<p>Am Freitag, 14.12.2012 waren wir nachmittags zu Gast im ASB-Seniorenheim in der Magirusstra\u00dfe, wo wir f\u00fcr die Bewohner dort einige St\u00fccke aus unserem selbst gebastelten Weihnachtsliederheft spielten. Als wir im 2. Stock ankamen, hatten sich zahlreiche Seniorinnen und Senioren bereits &#8222;warm gesungen&#8220;.<\/p>\n<figure id=\"attachment_234\" aria-describedby=\"caption-attachment-234\" style=\"width: 600px\" class=\"wp-caption alignnone\"><a href=\"http:\/\/www.posaunenchor-ulm-soeflingen.de\/?attachment_id=234\" rel=\"attachment wp-att-234\"><img loading=\"lazy\" decoding=\"async\" class=\"size-full wp-image-234 \" alt=\"2012_Seniorenheim_1\" src=\"http:\/\/www.posaunenchor-ulm-soeflingen.de\/wp-content\/uploads\/2012_Seniorenheim_1.jpg\" width=\"600\" height=\"338\" srcset=\"http:\/\/www.posaunenchor-ulm-soeflingen.de\/wp-content\/uploads\/2012_Seniorenheim_1.jpg 600w, http:\/\/www.posaunenchor-ulm-soeflingen.de\/wp-content\/uploads\/2012_Seniorenheim_1-300x169.jpg 300w\" sizes=\"auto, (max-width: 600px) 100vw, 600px\" \/><\/a><figcaption id=\"caption-attachment-234\" class=\"wp-caption-text\">Mit weihnachtlicher Bl\u00e4sermusik im R\u00fccken singt sich&#8217;s gleich doppelt so gut&#8230;<\/figcaption><\/figure>\n<figure id=\"attachment_235\" aria-describedby=\"caption-attachment-235\" style=\"width: 600px\" class=\"wp-caption alignnone\"><a href=\"http:\/\/www.posaunenchor-ulm-soeflingen.de\/?attachment_id=235\" rel=\"attachment wp-att-235\"><img loading=\"lazy\" decoding=\"async\" class=\"size-full wp-image-235 \" alt=\"2012_Seniorenheim_2\" src=\"http:\/\/www.posaunenchor-ulm-soeflingen.de\/wp-content\/uploads\/2012_Seniorenheim_2.jpg\" width=\"600\" height=\"338\" srcset=\"http:\/\/www.posaunenchor-ulm-soeflingen.de\/wp-content\/uploads\/2012_Seniorenheim_2.jpg 600w, http:\/\/www.posaunenchor-ulm-soeflingen.de\/wp-content\/uploads\/2012_Seniorenheim_2-300x169.jpg 300w\" sizes=\"auto, (max-width: 600px) 100vw, 600px\" \/><\/a><figcaption id=\"caption-attachment-235\" class=\"wp-caption-text\">&#8230; bei Klassikern wie &#8222;O Tannenbaum&#8220;, &#8222;O Du fr\u00f6hliche&#8220; oder &#8222;Morgen kommt der Weihnachtsmann&#8220;.<\/figcaption><\/figure>\n<p>Die Bewohner waren dankbar daf\u00fcr, dass wir durch unsere musikalische Begleitung weihnachtliche Stimmung in ihre Stube brachten, und spendeten reichlich Applaus.<br \/>\nAuch den Bewohnern der Seniorenresidenz im Geb\u00e4ude nebenan brachten wir noch ein St\u00e4ndchen mit einigen weihnachtlichen Liedern.<\/p>\n<figure id=\"attachment_236\" aria-describedby=\"caption-attachment-236\" style=\"width: 600px\" class=\"wp-caption alignnone\"><a href=\"http:\/\/www.posaunenchor-ulm-soeflingen.de\/?attachment_id=236\" rel=\"attachment wp-att-236\"><img loading=\"lazy\" decoding=\"async\" class=\"size-full wp-image-236 \" alt=\"2012_Seniorenheim_3\" src=\"http:\/\/www.posaunenchor-ulm-soeflingen.de\/wp-content\/uploads\/2012_Seniorenheim_3.jpg\" width=\"600\" height=\"338\" srcset=\"http:\/\/www.posaunenchor-ulm-soeflingen.de\/wp-content\/uploads\/2012_Seniorenheim_3.jpg 600w, http:\/\/www.posaunenchor-ulm-soeflingen.de\/wp-content\/uploads\/2012_Seniorenheim_3-300x169.jpg 300w\" sizes=\"auto, (max-width: 600px) 100vw, 600px\" \/><\/a><figcaption id=\"caption-attachment-236\" class=\"wp-caption-text\">Vincent, Jakob und Jonas machten Dampf im Bass, Martin (ganz links) hielt tapfer durch im Sopran.<\/figcaption><\/figure>\n<p>Es ist sch\u00f6n, mit unserem Posaunenchor \u00e4lteren Menschen in Ihrem Zuhause eine Freude zu bereiten. Ein Zeichen der Mitmenschlichkeit, das gut in die Adventszeit passt. Eine gute Aktion ganz nach dem Motto &#8222;Alle Jahre wieder&#8230;&#8220;.<\/p>\n","protected":false},"excerpt":{"rendered":"<p>Am Freitag, 14.12.2012 waren wir nachmittags zu Gast im ASB-Seniorenheim in der Magirusstra\u00dfe, wo wir f\u00fcr die Bewohner dort einige St\u00fccke aus unserem selbst gebastelten Weihnachtsliederheft spielten. Als wir im 2. Stock ankamen, hatten sich zahlreiche Seniorinnen und Senioren bereits &#8222;warm gesungen&#8220;. Die Bewohner waren dankbar daf\u00fcr, dass wir durch unsere musikalische Begleitung weihnachtliche Stimmung &hellip; <a href=\"http:\/\/www.posaunenchor-ulm-soeflingen.de\/?p=233\" class=\"more-link\"><span class=\"screen-reader-text\">Weihnachtsst\u00e4ndchen f\u00fcr unsere Senioren<\/span> weiterlesen <span class=\"meta-nav\">&rarr;<\/span><\/a><\/p>\n","protected":false},"author":2,"featured_media":0,"comment_status":"open","ping_status":"open","sticky":false,"template":"","format":"standard","meta":{"footnotes":""},"categories":[1],"tags":[],"class_list":["post-233","post","type-post","status-publish","format-standard","hentry","category-allgemein"],"_links":{"self":[{"href":"http:\/\/www.posaunenchor-ulm-soeflingen.de\/index.php?rest_route=\/wp\/v2\/posts\/233","targetHints":{"allow":["GET"]}}],"collection":[{"href":"http:\/\/www.posaunenchor-ulm-soeflingen.de\/index.php?rest_route=\/wp\/v2\/posts"}],"about":[{"href":"http:\/\/www.posaunenchor-ulm-soeflingen.de\/index.php?rest_route=\/wp\/v2\/types\/post"}],"author":[{"embeddable":true,"href":"http:\/\/www.posaunenchor-ulm-soeflingen.de\/index.php?rest_route=\/wp\/v2\/users\/2"}],"replies":[{"embeddable":true,"href":"http:\/\/www.posaunenchor-ulm-soeflingen.de\/index.php?rest_route=%2Fwp%2Fv2%2Fcomments&post=233"}],"version-history":[{"count":6,"href":"http:\/\/www.posaunenchor-ulm-soeflingen.de\/index.php?rest_route=\/wp\/v2\/posts\/233\/revisions"}],"predecessor-version":[{"id":261,"href":"http:\/\/www.posaunenchor-ulm-soeflingen.de\/index.php?rest_route=\/wp\/v2\/posts\/233\/revisions\/261"}],"wp:attachment":[{"href":"http:\/\/www.posaunenchor-ulm-soeflingen.de\/index.php?rest_route=%2Fwp%2Fv2%2Fmedia&parent=233"}],"wp:term":[{"taxonomy":"category","embeddable":true,"href":"http:\/\/www.posaunenchor-ulm-soeflingen.de\/index.php?rest_route=%2Fwp%2Fv2%2Fcategories&post=233"},{"taxonomy":"post_tag","embeddable":true,"href":"http:\/\/www.posaunenchor-ulm-soeflingen.de\/index.php?rest_route=%2Fwp%2Fv2%2Ftags&post=233"}],"curies":[{"name":"wp","href":"https:\/\/api.w.org\/{rel}","templated":true}]}}