{"id":259,"date":"2013-01-21T20:10:13","date_gmt":"2013-01-21T19:10:13","guid":{"rendered":"http:\/\/www.posaunenchor-ulm-soeflingen.de\/?p=259"},"modified":"2018-02-04T22:13:40","modified_gmt":"2018-02-04T21:13:40","slug":"kurrende-an-heiligabend","status":"publish","type":"post","link":"http:\/\/www.posaunenchor-ulm-soeflingen.de\/?p=259","title":{"rendered":"Kurrende an Heiligabend"},"content":{"rendered":"<p>Wie jedes Jahr waren wir am 24. Dezember in S\u00f6flingen unterwegs und haben an verschiedenen Ecken Weihnachtslieder gespielt. Bei sommerlichen Temperaturen (in der Sonne) spielten wir im Weberviertel, am Pfarramt West, im Sulzbachweg, Brauviertel, Clarissenhof, Blau\u00e4cker, F\u00fcnf-Baume-Weg, K\u00e4the-Kollwitz-Weg und Eichhornweg.<\/p>\n<figure id=\"attachment_268\" aria-describedby=\"caption-attachment-268\" style=\"width: 600px\" class=\"wp-caption alignnone\"><a href=\"http:\/\/www.posaunenchor-ulm-soeflingen.de\/?attachment_id=268\" rel=\"attachment wp-att-268\"><img loading=\"lazy\" decoding=\"async\" class=\"size-full wp-image-268\" src=\"http:\/\/www.posaunenchor-ulm-soeflingen.de\/wp-content\/uploads\/2012_Kurrende_1.jpg\" alt=\"Im Weberviertel freuen sich viele S\u00f6flinger auf unser Weihnachtsst\u00e4ndchen...\" width=\"600\" height=\"336\" srcset=\"http:\/\/www.posaunenchor-ulm-soeflingen.de\/wp-content\/uploads\/2012_Kurrende_1.jpg 600w, http:\/\/www.posaunenchor-ulm-soeflingen.de\/wp-content\/uploads\/2012_Kurrende_1-300x168.jpg 300w\" sizes=\"auto, (max-width: 600px) 100vw, 600px\" \/><\/a><figcaption id=\"caption-attachment-268\" class=\"wp-caption-text\">Im Weberviertel freuen sich immer viele S\u00f6flinger auf unser Weihnachtsst\u00e4ndchen.<\/figcaption><\/figure>\n<figure id=\"attachment_269\" aria-describedby=\"caption-attachment-269\" style=\"width: 600px\" class=\"wp-caption alignnone\"><a href=\"http:\/\/www.posaunenchor-ulm-soeflingen.de\/?attachment_id=269\" rel=\"attachment wp-att-269\"><img loading=\"lazy\" decoding=\"async\" class=\"size-full wp-image-269\" src=\"http:\/\/www.posaunenchor-ulm-soeflingen.de\/wp-content\/uploads\/2012_Kurrende_2.jpg\" alt=\"... die sich bei sch\u00f6nstem Wetter gerne zu uns her trauten. :-)\" width=\"600\" height=\"338\" srcset=\"http:\/\/www.posaunenchor-ulm-soeflingen.de\/wp-content\/uploads\/2012_Kurrende_2.jpg 600w, http:\/\/www.posaunenchor-ulm-soeflingen.de\/wp-content\/uploads\/2012_Kurrende_2-300x169.jpg 300w\" sizes=\"auto, (max-width: 600px) 100vw, 600px\" \/><\/a><figcaption id=\"caption-attachment-269\" class=\"wp-caption-text\">Dank der Unterst\u00fctzung von Martin und seinen beiden Jungs war der Bass stark vertreten.<\/figcaption><\/figure>\n<p>Mit einer gro\u00dfen Besetzung machte das Spielen an den Stationen viel Spa\u00df. Besonders freuten wir uns, wenn wir dort mit Keksen und Getr\u00e4nken empfangen wurden.<\/p>\n<figure id=\"attachment_270\" aria-describedby=\"caption-attachment-270\" style=\"width: 600px\" class=\"wp-caption alignnone\"><a href=\"http:\/\/www.posaunenchor-ulm-soeflingen.de\/?attachment_id=270\" rel=\"attachment wp-att-270\"><img loading=\"lazy\" decoding=\"async\" class=\"size-full wp-image-270\" src=\"http:\/\/www.posaunenchor-ulm-soeflingen.de\/wp-content\/uploads\/2012_Kurrende_3.jpg\" alt=\"Im F\u00fcnf-B\u00e4ume-Weg kommen die Menschen, sobald wir Weihnachtslieder anstimmen zusammen, zusammen, um sich frohe Weihnachten zu w\u00fcnschen.\" width=\"600\" height=\"337\" srcset=\"http:\/\/www.posaunenchor-ulm-soeflingen.de\/wp-content\/uploads\/2012_Kurrende_3.jpg 600w, http:\/\/www.posaunenchor-ulm-soeflingen.de\/wp-content\/uploads\/2012_Kurrende_3-300x168.jpg 300w\" sizes=\"auto, (max-width: 600px) 100vw, 600px\" \/><\/a><figcaption id=\"caption-attachment-270\" class=\"wp-caption-text\">Im F\u00fcnf-B\u00e4ume-Weg kommen die Menschen zusammen, sobald wir Weihnachtslieder anstimmen, um sich frohe Weihnachten zu w\u00fcnschen. Und f\u00fcr uns gibt&#8217;s immer eine leckere St\u00e4rkung.:-)<\/figcaption><\/figure>\n<p>Wir m\u00f6chten uns noch einmal ganz herzlich f\u00fcr die zahlreichen Spenden bedanken, die wir empfangen durften. Wir kommen auch am n\u00e4chsten Heiligabend gerne wieder!:-)<\/p>\n","protected":false},"excerpt":{"rendered":"<p>Wie jedes Jahr waren wir am 24. Dezember in S\u00f6flingen unterwegs und haben an verschiedenen Ecken Weihnachtslieder gespielt. Bei sommerlichen Temperaturen (in der Sonne) spielten wir im Weberviertel, am Pfarramt West, im Sulzbachweg, Brauviertel, Clarissenhof, Blau\u00e4cker, F\u00fcnf-Baume-Weg, K\u00e4the-Kollwitz-Weg und Eichhornweg. Mit einer gro\u00dfen Besetzung machte das Spielen an den Stationen viel Spa\u00df. Besonders freuten wir &hellip; <a href=\"http:\/\/www.posaunenchor-ulm-soeflingen.de\/?p=259\" class=\"more-link\"><span class=\"screen-reader-text\">Kurrende an Heiligabend<\/span> weiterlesen <span class=\"meta-nav\">&rarr;<\/span><\/a><\/p>\n","protected":false},"author":1,"featured_media":0,"comment_status":"open","ping_status":"open","sticky":false,"template":"","format":"standard","meta":{"footnotes":""},"categories":[1],"tags":[],"class_list":["post-259","post","type-post","status-publish","format-standard","hentry","category-allgemein"],"_links":{"self":[{"href":"http:\/\/www.posaunenchor-ulm-soeflingen.de\/index.php?rest_route=\/wp\/v2\/posts\/259","targetHints":{"allow":["GET"]}}],"collection":[{"href":"http:\/\/www.posaunenchor-ulm-soeflingen.de\/index.php?rest_route=\/wp\/v2\/posts"}],"about":[{"href":"http:\/\/www.posaunenchor-ulm-soeflingen.de\/index.php?rest_route=\/wp\/v2\/types\/post"}],"author":[{"embeddable":true,"href":"http:\/\/www.posaunenchor-ulm-soeflingen.de\/index.php?rest_route=\/wp\/v2\/users\/1"}],"replies":[{"embeddable":true,"href":"http:\/\/www.posaunenchor-ulm-soeflingen.de\/index.php?rest_route=%2Fwp%2Fv2%2Fcomments&post=259"}],"version-history":[{"count":6,"href":"http:\/\/www.posaunenchor-ulm-soeflingen.de\/index.php?rest_route=\/wp\/v2\/posts\/259\/revisions"}],"predecessor-version":[{"id":601,"href":"http:\/\/www.posaunenchor-ulm-soeflingen.de\/index.php?rest_route=\/wp\/v2\/posts\/259\/revisions\/601"}],"wp:attachment":[{"href":"http:\/\/www.posaunenchor-ulm-soeflingen.de\/index.php?rest_route=%2Fwp%2Fv2%2Fmedia&parent=259"}],"wp:term":[{"taxonomy":"category","embeddable":true,"href":"http:\/\/www.posaunenchor-ulm-soeflingen.de\/index.php?rest_route=%2Fwp%2Fv2%2Fcategories&post=259"},{"taxonomy":"post_tag","embeddable":true,"href":"http:\/\/www.posaunenchor-ulm-soeflingen.de\/index.php?rest_route=%2Fwp%2Fv2%2Ftags&post=259"}],"curies":[{"name":"wp","href":"https:\/\/api.w.org\/{rel}","templated":true}]}}