{"id":283,"date":"2013-04-28T17:12:57","date_gmt":"2013-04-28T15:12:57","guid":{"rendered":"http:\/\/www.posaunenchor-ulm-soeflingen.de\/?p=283"},"modified":"2013-04-28T17:16:31","modified_gmt":"2013-04-28T15:16:31","slug":"blaserfreizeit-im-schlosle","status":"publish","type":"post","link":"http:\/\/www.posaunenchor-ulm-soeflingen.de\/?p=283","title":{"rendered":"Bl\u00e4serfreizeit im &#8222;Schl\u00f6\u00dfle&#8220;"},"content":{"rendered":"<p>Vom 19.-21 April 2013 waren wir wieder im Freizeitheim der Christuskirchengemeinde zu Gast, das auf der Ehinger Alb nahe Erbstetten liegt. Der Schwerpunkt der Proben lag bei den St\u00fccken f\u00fcr die Konfirmation von Jonas und Vincent. Nat\u00fcrlich kam das gesellige Beisammensein auch nicht zu kurz. Martin hatte flei\u00dfig eingekauft und so konnten wir zusammen lecker kochen und essen.<\/p>\n<figure id=\"attachment_284\" aria-describedby=\"caption-attachment-284\" style=\"width: 600px\" class=\"wp-caption alignnone\"><img loading=\"lazy\" decoding=\"async\" class=\"size-full wp-image-284\" alt=\"2013_Schloessle_1\" src=\"http:\/\/www.posaunenchor-ulm-soeflingen.de\/wp-content\/uploads\/2013_Schloessle_1.jpg\" width=\"600\" height=\"338\" srcset=\"http:\/\/www.posaunenchor-ulm-soeflingen.de\/wp-content\/uploads\/2013_Schloessle_1.jpg 600w, http:\/\/www.posaunenchor-ulm-soeflingen.de\/wp-content\/uploads\/2013_Schloessle_1-300x169.jpg 300w\" sizes=\"auto, (max-width: 600px) 100vw, 600px\" \/><figcaption id=\"caption-attachment-284\" class=\"wp-caption-text\">Ausgelassene Stimmung beim gemeinsamen Fr\u00fchst\u00fcck<\/figcaption><\/figure>\n<figure id=\"attachment_285\" aria-describedby=\"caption-attachment-285\" style=\"width: 600px\" class=\"wp-caption alignnone\"><img loading=\"lazy\" decoding=\"async\" class=\"size-full wp-image-285\" alt=\"2013_Schloessle_2\" src=\"http:\/\/www.posaunenchor-ulm-soeflingen.de\/wp-content\/uploads\/2013_Schloessle_2.jpg\" width=\"600\" height=\"338\" srcset=\"http:\/\/www.posaunenchor-ulm-soeflingen.de\/wp-content\/uploads\/2013_Schloessle_2.jpg 600w, http:\/\/www.posaunenchor-ulm-soeflingen.de\/wp-content\/uploads\/2013_Schloessle_2-300x169.jpg 300w\" sizes=\"auto, (max-width: 600px) 100vw, 600px\" \/><figcaption id=\"caption-attachment-285\" class=\"wp-caption-text\">Dem Martin schmeckt&#8217;s sichtlich!<\/figcaption><\/figure>\n<p>Leider kam an diesem Wochenende wieder ein Hauch von Winter auf uns nieder, der nicht gerade zu ausufernden Aktivit\u00e4ten im Freien einlud. Wir lie\u00dfen es uns jedoch nicht nehmen, ein Lagerfeuer zu entfachen und ein paar W\u00fcrste zu grillen. Dank vieler H\u00e4nde, die mit angepackt hatten, war auch das Aufr\u00e4umen am Sonntag recht schnell erledigt.<\/p>\n<figure id=\"attachment_286\" aria-describedby=\"caption-attachment-286\" style=\"width: 600px\" class=\"wp-caption alignnone\"><img loading=\"lazy\" decoding=\"async\" class=\"size-full wp-image-286\" alt=\"2013_Schloessle_3\" src=\"http:\/\/www.posaunenchor-ulm-soeflingen.de\/wp-content\/uploads\/2013_Schloessle_3.jpg\" width=\"600\" height=\"338\" srcset=\"http:\/\/www.posaunenchor-ulm-soeflingen.de\/wp-content\/uploads\/2013_Schloessle_3.jpg 600w, http:\/\/www.posaunenchor-ulm-soeflingen.de\/wp-content\/uploads\/2013_Schloessle_3-300x169.jpg 300w\" sizes=\"auto, (max-width: 600px) 100vw, 600px\" \/><figcaption id=\"caption-attachment-286\" class=\"wp-caption-text\">Unsere Sopr\u00e4ner Uli und Tim mit Jungbl\u00e4ser Benni, dem&#8217;s sichtlich Spa\u00df macht, unter den &#8222;Gro\u00dfen&#8220; zu sein.<\/figcaption><\/figure>\n<p>Bl\u00e4serfreizeiten sind einfach wertvoll, um unseren Posaunenchor musikalisch weiter zu entwickeln und die Gemeinschaft unter den Bl\u00e4sern zu st\u00e4rken. Wir haben viel Spa\u00df gehabt im Schl\u00f6\u00dfle und freuen uns jetzt schon auf die n\u00e4chste Bl\u00e4serfreizeit, die vom 20.-22. September 2013 auf der Falgerh\u00fctte im Lechtal stattfinden wird!<\/p>\n","protected":false},"excerpt":{"rendered":"<p>Vom 19.-21 April 2013 waren wir wieder im Freizeitheim der Christuskirchengemeinde zu Gast, das auf der Ehinger Alb nahe Erbstetten liegt. Der Schwerpunkt der Proben lag bei den St\u00fccken f\u00fcr die Konfirmation von Jonas und Vincent. Nat\u00fcrlich kam das gesellige Beisammensein auch nicht zu kurz. Martin hatte flei\u00dfig eingekauft und so konnten wir zusammen lecker &hellip; <a href=\"http:\/\/www.posaunenchor-ulm-soeflingen.de\/?p=283\" class=\"more-link\"><span class=\"screen-reader-text\">Bl\u00e4serfreizeit im &#8222;Schl\u00f6\u00dfle&#8220;<\/span> weiterlesen <span class=\"meta-nav\">&rarr;<\/span><\/a><\/p>\n","protected":false},"author":2,"featured_media":0,"comment_status":"open","ping_status":"open","sticky":false,"template":"","format":"standard","meta":{"footnotes":""},"categories":[1],"tags":[],"class_list":["post-283","post","type-post","status-publish","format-standard","hentry","category-allgemein"],"_links":{"self":[{"href":"http:\/\/www.posaunenchor-ulm-soeflingen.de\/index.php?rest_route=\/wp\/v2\/posts\/283","targetHints":{"allow":["GET"]}}],"collection":[{"href":"http:\/\/www.posaunenchor-ulm-soeflingen.de\/index.php?rest_route=\/wp\/v2\/posts"}],"about":[{"href":"http:\/\/www.posaunenchor-ulm-soeflingen.de\/index.php?rest_route=\/wp\/v2\/types\/post"}],"author":[{"embeddable":true,"href":"http:\/\/www.posaunenchor-ulm-soeflingen.de\/index.php?rest_route=\/wp\/v2\/users\/2"}],"replies":[{"embeddable":true,"href":"http:\/\/www.posaunenchor-ulm-soeflingen.de\/index.php?rest_route=%2Fwp%2Fv2%2Fcomments&post=283"}],"version-history":[{"count":7,"href":"http:\/\/www.posaunenchor-ulm-soeflingen.de\/index.php?rest_route=\/wp\/v2\/posts\/283\/revisions"}],"predecessor-version":[{"id":293,"href":"http:\/\/www.posaunenchor-ulm-soeflingen.de\/index.php?rest_route=\/wp\/v2\/posts\/283\/revisions\/293"}],"wp:attachment":[{"href":"http:\/\/www.posaunenchor-ulm-soeflingen.de\/index.php?rest_route=%2Fwp%2Fv2%2Fmedia&parent=283"}],"wp:term":[{"taxonomy":"category","embeddable":true,"href":"http:\/\/www.posaunenchor-ulm-soeflingen.de\/index.php?rest_route=%2Fwp%2Fv2%2Fcategories&post=283"},{"taxonomy":"post_tag","embeddable":true,"href":"http:\/\/www.posaunenchor-ulm-soeflingen.de\/index.php?rest_route=%2Fwp%2Fv2%2Ftags&post=283"}],"curies":[{"name":"wp","href":"https:\/\/api.w.org\/{rel}","templated":true}]}}